{"id":1277,"date":"2024-07-04T17:12:49","date_gmt":"2024-07-04T15:12:49","guid":{"rendered":"https:\/\/www.cdmjsea95.org\/?p=1277"},"modified":"2025-05-26T11:46:55","modified_gmt":"2025-05-26T09:46:55","slug":"ravivage-de-la-flamme-de-la-nation-sous-larc-de-triomphe-15-juin-2024","status":"publish","type":"post","link":"https:\/\/www.cdmjsea95.org\/?p=1277","title":{"rendered":"RAVIVAGE DE LA FLAMME DE LA NATION SOUS L&rsquo;ARC DE TRIOMPHE &#8211; 15 juin 2024"},"content":{"rendered":"\n<p>Comme il est de coutume depuis plusieurs ann\u00e9es, le 3<sup>\u00e8me<\/sup> samedi du mois de juin a lieu le ravivage de la Flamme de la Nation sous l&rsquo;Arc de Triomphe. Celui-ci est organis\u00e9 par le Comit\u00e9 R\u00e9gional des M\u00e9daill\u00e9s de la Jeunesse, des Sports et de l&rsquo;Engagement Associatif d&rsquo;\u00cele de France.<br>Nous \u00e9tions 450 participants, repr\u00e9sent\u00e9s par les 8 d\u00e9partements franciliens, le Comit\u00e9 R\u00e9gional Olympique et Sportif, le CREPS avec les futurs champions sportifs et la F\u00e9d\u00e9ration Fran\u00e7aise des M\u00e9daill\u00e9s JSEA.<br>Pour notre d\u00e9partement ont particip\u00e9 : <br> &#8211; La ville d&rsquo;\u00c9zanville repr\u00e9sent\u00e9e par Mme Malet, Maire Adjointe charg\u00e9e de la Jeunesse et de la petite enfance accompagn\u00e9e de 19 enfants issus de 3 \u00e9tablissements scolaires, de 4 directeurs, 2 personnels de la mairie et de 5 \u00e9lus.<br>&#8211; La ville de Domont repr\u00e9sent\u00e9e par Mme Muller, Maire Adjointe charg\u00e9e des scolaires et de la petite enfance accompagn\u00e9e de 25 jeunes du Conseil Municipal des Enfants, de 4 personnes dont Michel Wieczorek, Pr\u00e9sident du Cercle Plaine de France, en charge de l&rsquo;encadrement.<br>&#8211; Les VIP, invit\u00e9s du Pr\u00e9sident.<br> La pluie nous a surpris \u00e0 la mise en place du cort\u00e8ge rue Balzac puis a cess\u00e9 d\u00e8s le commencement du d\u00e9fil\u00e9. La c\u00e9r\u00e9monie a d\u00e9but\u00e9 \u00e0 18h30 pr\u00e9cises par la lecture de \u00ab\u00a0la flamme\u00a0\u00bb *&nbsp;<br>Notre d\u00e9partement a \u00e9t\u00e9 choisi pour constituer un pilier sur 4 autour de la st\u00e8le du Soldat inconnu. <br>La gerbe a \u00e9t\u00e9 pr\u00e9sent\u00e9e \u00e0 Mme Malet, Mme Muller et moi m\u00eame par 2 jeunes d&rsquo;\u00c9zanville et Domont puis d\u00e9pos\u00e9e au pied de la tombe du Soldat inconnu. Le ravivage de la flamme a ensuite \u00e9t\u00e9 effectu\u00e9 par le Pr\u00e9sident de la FFMJSEA, M. Andr\u00e9 Torbiero avec 2 Jeunes.<br>La musique de la Police Nationale a accompagn\u00e9 cette c\u00e9r\u00e9monie.<\/p>\n\n\n\n<p>Je remercie le Pr\u00e9sident du CRMJSEA \u00cele de France, M. Jacques Adrien, le Pr\u00e9sident honoraire et commissaire de la Flamme, M. Roland Palacio, pour l&rsquo;organisation sans faille de cette belle c\u00e9r\u00e9monie.<br>Je remercie les villes d&rsquo;\u00c9zanville et Domont ainsi que tous les participants : enfants, parents, accompagnants, VIP pour leur tenue exemplaire lors de ce ravivage. J&rsquo;esp\u00e8re que ce moment restera grav\u00e9 longtemps dans votre m\u00e9moire. <br>Jean-Louis BAI<br>Pr\u00e9sident du Comit\u00e9 MJSEA du Val d&rsquo;Oise<br>Vice-pr\u00e9sident du Comit\u00e9 R\u00e9gional MJSEA \u00cele de France<\/p>\n\n\n\n<p class=\"has-black-color has-pale-cyan-blue-background-color has-text-color has-background has-link-color wp-elements-59d86a6db674be9a68baec6fa0053a1a\"><a href=\"https:\/\/photos.app.goo.gl\/vyPLLGTFAquuVbYc7\" target=\"_blank\" rel=\"noreferrer noopener\">Je vous invite \u00e0 voir les photos de la c\u00e9r\u00e9monie en cliquant sur le texte.<\/a><\/p>\n\n\n\n<p class=\"has-black-color has-light-green-cyan-background-color has-text-color has-background has-link-color wp-elements-1793a739201a32dd78c4d5380d9dd6c8\"><a href=\"http:\/\/www.cdmjsea95.org\/wp-content\/uploads\/2024\/07\/la-flamme.pdf\" target=\"_blank\" rel=\"noreferrer noopener\">Lecture de la \u00ab\u00a0Flamme\u00a0\u00bb cliquer sur le texte<\/a><\/p>\n\n\n\n<p>*\u00a9 2023 &#8211;&nbsp;G\u00e9n\u00e9ral de corps d&rsquo;arm\u00e9e Christophe de SAINT CHAMAS (2s), pr\u00e9sident du comit\u00e9 de la Flamme &#8211; https:\/\/www.laflammesouslarcdetriomphe.org<\/p>\n\n\n\n<p><\/p>\n\n\n\n<p><\/p>\n","protected":false},"excerpt":{"rendered":"<p>Comme il est de coutume depuis plusieurs ann\u00e9es, le 3\u00e8me samedi du mois de juin a lieu le ravivage de la Flamme de la Nation sous l&rsquo;Arc de Triomphe. Celui-ci est organis\u00e9 par le Comit\u00e9 R\u00e9gional des M\u00e9daill\u00e9s de la Jeunesse, des Sports et de l&rsquo;Engagement Associatif d&rsquo;\u00cele de France.Nous \u00e9tions 450 participants, repr\u00e9sent\u00e9s par [&hellip;]<\/p>\n","protected":false},"author":1,"featured_media":1282,"comment_status":"closed","ping_status":"open","sticky":false,"template":"","format":"standard","meta":{"footnotes":""},"categories":[1],"tags":[],"class_list":["post-1277","post","type-post","status-publish","format-standard","has-post-thumbnail","hentry","category-non-classe"],"_links":{"self":[{"href":"https:\/\/www.cdmjsea95.org\/index.php?rest_route=\/wp\/v2\/posts\/1277","targetHints":{"allow":["GET"]}}],"collection":[{"href":"https:\/\/www.cdmjsea95.org\/index.php?rest_route=\/wp\/v2\/posts"}],"about":[{"href":"https:\/\/www.cdmjsea95.org\/index.php?rest_route=\/wp\/v2\/types\/post"}],"author":[{"embeddable":true,"href":"https:\/\/www.cdmjsea95.org\/index.php?rest_route=\/wp\/v2\/users\/1"}],"replies":[{"embeddable":true,"href":"https:\/\/www.cdmjsea95.org\/index.php?rest_route=%2Fwp%2Fv2%2Fcomments&post=1277"}],"version-history":[{"count":8,"href":"https:\/\/www.cdmjsea95.org\/index.php?rest_route=\/wp\/v2\/posts\/1277\/revisions"}],"predecessor-version":[{"id":1326,"href":"https:\/\/www.cdmjsea95.org\/index.php?rest_route=\/wp\/v2\/posts\/1277\/revisions\/1326"}],"wp:featuredmedia":[{"embeddable":true,"href":"https:\/\/www.cdmjsea95.org\/index.php?rest_route=\/wp\/v2\/media\/1282"}],"wp:attachment":[{"href":"https:\/\/www.cdmjsea95.org\/index.php?rest_route=%2Fwp%2Fv2%2Fmedia&parent=1277"}],"wp:term":[{"taxonomy":"category","embeddable":true,"href":"https:\/\/www.cdmjsea95.org\/index.php?rest_route=%2Fwp%2Fv2%2Fcategories&post=1277"},{"taxonomy":"post_tag","embeddable":true,"href":"https:\/\/www.cdmjsea95.org\/index.php?rest_route=%2Fwp%2Fv2%2Ftags&post=1277"}],"curies":[{"name":"wp","href":"https:\/\/api.w.org\/{rel}","templated":true}]}}