{"id":1464,"date":"2025-03-23T19:58:20","date_gmt":"2025-03-23T18:58:20","guid":{"rendered":"https:\/\/www.cdmjsea95.org\/?p=1464"},"modified":"2025-04-27T18:55:17","modified_gmt":"2025-04-27T16:55:17","slug":"hommage-a-gilbert-derus","status":"publish","type":"post","link":"https:\/\/www.cdmjsea95.org\/?p=1464","title":{"rendered":"HOMMAGE A GILBERT DERUS"},"content":{"rendered":"\n<figure class=\"wp-block-image size-full\"><img loading=\"lazy\" decoding=\"async\" width=\"408\" height=\"272\" src=\"https:\/\/www.cdmjsea95.org\/wp-content\/uploads\/2025\/03\/gilbert-derus-copie.jpg\" alt=\"\" class=\"wp-image-1465\" srcset=\"https:\/\/www.cdmjsea95.org\/wp-content\/uploads\/2025\/03\/gilbert-derus-copie.jpg 408w, https:\/\/www.cdmjsea95.org\/wp-content\/uploads\/2025\/03\/gilbert-derus-copie-300x200.jpg 300w\" sizes=\"auto, (max-width: 408px) 100vw, 408px\" \/><\/figure>\n\n\n\n<p>               14 novembre 1953 &#8211; 7 mars 2025<\/p>\n\n\n\n<p class=\"has-text-align-left\">Gilbert nous a quitt\u00e9 le 7 mars 2025. Ses obs\u00e8ques ont eu lieu, le 15 mars, en l&rsquo;\u00e9glise de Saint-Ouen-l&rsquo;Aum\u00f4ne. Les M\u00e9daill\u00e9s \u00e9taient nombreux pour former une haie d&rsquo;honneur avec le drapeau \u00e0 sa sortie.<\/p>\n\n\n\n<p>Pour l&rsquo;honorer, la ville de Saint-Ouen-l&rsquo;Aum\u00f4ne a organis\u00e9 un moment convivial o\u00f9 l&rsquo;on pouvait ,devant l&rsquo;assistance, dire quelques mots du parcours de Gilbert. Apr\u00e8s Monsieur Alain RICHARD, ancien Ministre, Monsieur Laurent LINQUETTE, Maire de Saint-Ouen-L&rsquo;aum\u00f4ne, Monsieur Xavier DOMECQ, Pr\u00e9sident du Comit\u00e9 de rugby du Val d&rsquo;Oise, Monsieur Pascal HORBER, Secr\u00e9taire et Ami de Gilbert pendant plus de 30 ans, j&rsquo;ai pu dire ces quelques mots. <\/p>\n\n\n\n<p><strong>Gilbert, mon ami, tu as \u00e9t\u00e9 \u00e9lu pour la 1<sup>\u00e8re<\/sup> fois, le 4 f\u00e9vrier 2017, Membre de l\u2019Instance Dirigeante du Comit\u00e9 des M\u00e9daill\u00e9s de la Jeunesse, des Sports et de l\u2019Engagement Associatif du Val d\u2019Oise et que tu n\u2019as pas quitt\u00e9. <\/strong><strong><\/strong><\/p>\n\n\n\n<p><strong>Tu avais une mission importante au sein de notre structure. Tu \u00e9tais charg\u00e9 de la commission communication dont tu \u00e9tais le Pr\u00e9sident. Cette mission te correspondait. Toujours disponible, toujours souriant, tu avais toujours la solution aux probl\u00e8mes qu\u2019ils soient informatiques ou d\u2019ordre administratif.<\/strong> <\/p>\n\n\n\n<!--more-->\n\n\n\n<p><strong>Tu \u00e9tais pr\u00e9sent \u00e0 toutes nos manifestations, \u00e0 toutes les remises des m\u00e9dailles. <\/strong><\/p>\n\n\n\n<p><strong>Cette fonction, tu la remplissais toujours avec beaucoup de professionnalisme.<\/strong><strong><\/strong><\/p>\n\n\n\n<p><strong>Pour tes d\u00e9cennies de b\u00e9n\u00e9volat, tu as obtenu la m\u00e9daille de bronze de la Jeunesse, des Sports et de l\u2019Engagement Associatif \u00e0 la promotion du 1<sup>er<\/sup> janvier 2014. <\/strong><strong><\/strong><\/p>\n\n\n\n<p><strong>La F\u00e9d\u00e9ration des M\u00e9daill\u00e9s de la Jeunesse, des Sports et de l\u2019Engagement Associatif t\u2019a r\u00e9compens\u00e9, pour les services rendus, de la plaquette d\u2019ARGENT, en 2025, que je devais te remettre lors de notre assembl\u00e9e g\u00e9n\u00e9rale. <\/strong><strong><\/strong><\/p>\n\n\n\n<p><strong>Gilbert, tu es et reste pour nous tous, et surtout pour la jeune g\u00e9n\u00e9ration, un mod\u00e8le de citoyennet\u00e9 et d\u2019engagement associatif. <\/strong><strong><\/strong><\/p>\n\n\n\n<p><strong>A tes fils, \u00e0 ta cousine, \u00e0 tes nombreux amis, j\u2019adresse l\u2019expression de ma sympathie et mes sinc\u00e8res condol\u00e9ances, auxquelles s\u2019associent tous les Membres du Cercle de Pontoise-Vexin, les Membres de l\u2019Instance Dirigeante du Comit\u00e9 D\u00e9partemental des M\u00e9daill\u00e9s, ainsi que les dirigeants du Comit\u00e9 r\u00e9gional des M\u00e9daill\u00e9s de la Jeunesse des Sports et de l\u2019Engagement Associatif d\u2019\u00cele de France.<\/strong><strong><\/strong><\/p>\n\n\n\n<p><strong>Gilbert, nous ne t\u2019oublierons pas, tu resteras dans nos c\u0153urs, repose en paix.<\/strong><strong><\/strong><\/p>\n\n\n\n<p><strong>&nbsp;&nbsp;&nbsp;&nbsp;&nbsp;&nbsp;&nbsp;&nbsp;&nbsp;&nbsp;&nbsp;&nbsp;&nbsp;&nbsp;&nbsp;&nbsp;&nbsp;&nbsp;&nbsp;&nbsp;&nbsp;&nbsp;&nbsp;&nbsp;&nbsp;&nbsp;&nbsp;&nbsp;&nbsp;&nbsp; Saint-Ouen-l\u2019Aum\u00f4ne, le 15 mars 2025<\/strong><strong><\/strong><\/p>\n\n\n\n<p><strong>Jean-Louis Bai&nbsp;&nbsp;&nbsp; Pr\u00e9sident du CDMJSEA95<\/strong><strong><\/strong><\/p>\n\n\n\n<p><\/p>\n","protected":false},"excerpt":{"rendered":"<p>14 novembre 1953 &#8211; 7 mars 2025 Gilbert nous a quitt\u00e9 le 7 mars 2025. Ses obs\u00e8ques ont eu lieu, le 15 mars, en l&rsquo;\u00e9glise de Saint-Ouen-l&rsquo;Aum\u00f4ne. Les M\u00e9daill\u00e9s \u00e9taient nombreux pour former une haie d&rsquo;honneur avec le drapeau \u00e0 sa sortie. Pour l&rsquo;honorer, la ville de Saint-Ouen-l&rsquo;Aum\u00f4ne a organis\u00e9 un moment convivial o\u00f9 l&rsquo;on [&hellip;]<\/p>\n","protected":false},"author":1,"featured_media":0,"comment_status":"closed","ping_status":"open","sticky":false,"template":"","format":"standard","meta":{"footnotes":""},"categories":[12],"tags":[],"class_list":["post-1464","post","type-post","status-publish","format-standard","hentry","category-edito"],"_links":{"self":[{"href":"https:\/\/www.cdmjsea95.org\/index.php?rest_route=\/wp\/v2\/posts\/1464","targetHints":{"allow":["GET"]}}],"collection":[{"href":"https:\/\/www.cdmjsea95.org\/index.php?rest_route=\/wp\/v2\/posts"}],"about":[{"href":"https:\/\/www.cdmjsea95.org\/index.php?rest_route=\/wp\/v2\/types\/post"}],"author":[{"embeddable":true,"href":"https:\/\/www.cdmjsea95.org\/index.php?rest_route=\/wp\/v2\/users\/1"}],"replies":[{"embeddable":true,"href":"https:\/\/www.cdmjsea95.org\/index.php?rest_route=%2Fwp%2Fv2%2Fcomments&post=1464"}],"version-history":[{"count":1,"href":"https:\/\/www.cdmjsea95.org\/index.php?rest_route=\/wp\/v2\/posts\/1464\/revisions"}],"predecessor-version":[{"id":1466,"href":"https:\/\/www.cdmjsea95.org\/index.php?rest_route=\/wp\/v2\/posts\/1464\/revisions\/1466"}],"wp:attachment":[{"href":"https:\/\/www.cdmjsea95.org\/index.php?rest_route=%2Fwp%2Fv2%2Fmedia&parent=1464"}],"wp:term":[{"taxonomy":"category","embeddable":true,"href":"https:\/\/www.cdmjsea95.org\/index.php?rest_route=%2Fwp%2Fv2%2Fcategories&post=1464"},{"taxonomy":"post_tag","embeddable":true,"href":"https:\/\/www.cdmjsea95.org\/index.php?rest_route=%2Fwp%2Fv2%2Ftags&post=1464"}],"curies":[{"name":"wp","href":"https:\/\/api.w.org\/{rel}","templated":true}]}}