{"id":805,"date":"2022-07-13T20:14:47","date_gmt":"2022-07-13T18:14:47","guid":{"rendered":"https:\/\/www.cdmjsea95.org\/?p=805"},"modified":"2023-02-12T23:08:10","modified_gmt":"2023-02-12T22:08:10","slug":"assemblee-generale-5-mars-2022-a-beauchamp","status":"publish","type":"post","link":"https:\/\/www.cdmjsea95.org\/?p=805","title":{"rendered":"Assembl\u00e9e G\u00e9n\u00e9rale CDMJSEA du 5 mars 2022 \u00e0 Beauchamp"},"content":{"rendered":"\n<p>C&rsquo;est dans la salle Anatole France qu&rsquo;a eu lieu notre Assembl\u00e9e G\u00e9n\u00e9rale Ordinaire \u00c9lective. 86 personnes pr\u00e9sentes et repr\u00e9sent\u00e9es. <\/p>\n\n\n\n<p><strong>Personnalit\u00e9s pr\u00e9sentes&nbsp;: <\/strong>Madame<strong> Fran\u00e7oise NORDMANN<\/strong>, Maire de BEAUCHAMP, Monsieur <strong>Patrick PLANCHE<\/strong>, 1<sup>er<\/sup> Adjoint au Maire de BEAUCHAMP, d\u00e9l\u00e9gu\u00e9 \u00e0 la scolarit\u00e9, \u00e0 la culture et \u00e0 la d\u00e9mocratie locale, Madame <strong>V\u00e9ronique KERGUIDUF<\/strong>, Maire adjoint \u00e0 la ville de Beauchamp, d\u00e9l\u00e9gu\u00e9e au sport, \u00e0 l\u2019animation ville et \u00e0 l\u2019\u00e9conomie locale, <strong>Marie-Madeleine MAILLARD<\/strong>, Conseill\u00e8re municipale &nbsp;de Beauchamp d\u00e9l\u00e9gu\u00e9e \u00e0 la vie sportive, Monsieur <strong>Pascal SEIGNE<\/strong>, Vice-Pr\u00e9sident de la Communaut\u00e9 d\u2019agglom\u00e9ration Val-Parisis, d\u00e9l\u00e9gu\u00e9 au sport, Monsieur <strong>Beno\u00eet BLANCHARD<\/strong>, 1<sup>er<\/sup> Maire Adjoint au Maire d\u2019ERMONT, d\u00e9l\u00e9gu\u00e9 \u00e0 l\u2019attractivit\u00e9 du Territoire et du Cadre de Vie, Monsieur<strong>Pierre GREGOIRE,<\/strong> Pr\u00e9sident du Comit\u00e9 D\u00e9partemental Olympique et Sportif du Val d\u2019Oise, Docteur <strong>Jean-Marie TURGIS<\/strong>, m\u00e9decin du CDOS et Pr\u00e9sident du Cercle Pierre de Coubertin du Val d\u2019Oise, le Colonel <strong>Lucien DUMONT, Roland PALACIO<\/strong> membre d\u2019honneur du Comit\u00e9 R\u00e9gional des M\u00e9daill\u00e9s de la Jeunesse, des Sports et de l\u2019Engagement Associatif d\u2019Ile de France<\/p>\n\n\n\n<p><strong>Sont excus\u00e9s<\/strong>&nbsp;: Monsieur Denis <strong>DOBO-SHOENENBERG<\/strong>, Sous-Pr\u00e9fet du Val d\u2019Oise, Madame <strong>Guyl\u00e8ne BOUQUET-BURTIN<\/strong>, Directrice Acad\u00e9mique de l\u2019Education Nationale du Val d\u2019Oise, Madame <strong>Marie-Christine CAVECCHI, <\/strong>Pr\u00e9sidente du Conseil d\u00e9partemental, Monsieur <strong>Jacques ADRIEN<\/strong>, Pr\u00e9sident du Comit\u00e9 R\u00e9gional des M\u00e9daill\u00e9s de la Jeunesse, des Sports et de l\u2019Engagement Associatif d\u2019Ile de France, retenu par une autre assembl\u00e9e g\u00e9n\u00e9rale francilienne.<\/p>\n\n\n\n<p><em><u>Ouverture de l\u2019assembl\u00e9e g\u00e9n\u00e9rale ordinaire par Madame Fran\u00e7oise NORDMANN<\/u><\/em><em><u><\/u><\/em><\/p>\n\n\n\n<p>Elle souhaite la bienvenue aux personnes pr\u00e9sentes et indique que la ville de BEAUCHAMP f\u00eate son centenaire et que de ce fait beaucoup de manifestations auront lieu toute l\u2019ann\u00e9e dans la ville \u00e0 commencer par cette assembl\u00e9e g\u00e9n\u00e9rale pour laquelle elle n\u2019a pas h\u00e9sit\u00e9 \u00e0 donner son accord pour qu\u2019elle se d\u00e9roule ici. Elle \u00e9voque le film qui a \u00e9t\u00e9 r\u00e9alis\u00e9 \u00e0 l\u2019occasion des 100 ans ainsi que le grand changement dans la ville avec le d\u00e9part de la soci\u00e9t\u00e9 3M (environ 70 ha) et l\u2019ouverture le 2 avril prochain du Bois Barrachin r\u00e9serv\u00e9 aux promeneurs.<\/p>\n\n\n\n<p><em>\u00c9lection des membres de l\u2019Instance Dirigeante<\/em><br>Ils sont \u00e9lus pour 4 ann\u00e9es et l\u2019\u00e9lection a lieu 6 mois apr\u00e8s les derniers Jeux Olympiques d\u2019\u00e9t\u00e9. &nbsp;Exceptionnellement cette mandature sera de 3 ans, jusqu\u2019en 2024.<\/p>\n\n\n\n<p>24 postes \u00e0 pourvoir, 23 candidats. Les 23 Membres de l&rsquo;Instance Dirigeante ont \u00e9t\u00e9 \u00e9lus. <\/p>\n\n\n\n<p><strong>Membres reconduits&nbsp;:<\/strong> Huguette AUDEFROY (Pr\u00e9sidente cercle n\u00b0 2) Jean-Louis BAI (Pr\u00e9sident du CDMJSEA) \u2013 Eric BAYE \u2013 Patrice BOULAY \u2013 Gilbert DERUS \u2013 Pierre GREGOIRE \u2013 Pascal HORBER \u2013 Jeanne HOUEE \u2013 Yvon HOUEE (Pr\u00e9sident Cercle n\u00b0 4) \u2013 Max JOURNO (Pr\u00e9sident cercle n\u00b0 1) \u2013 Daniel LECOQ \u2013 Annie OZDEGER \u2013 Jean-Fran\u00e7ois RIEGEL \u2013 Jean-Pierre TRON \u2013 Fran\u00e7oise VASSEUR \u2013 Michel WIEZOREK (Pr\u00e9sident cercle n\u00b0 3)<\/p>\n\n\n\n<p><strong>&nbsp;Nouveaux candidats<\/strong> : Christian CARMENE \u2013 Alain GRAUX \u2013 Marie-France LAMBERT\u2013 Daniel LAMBERT (Pr\u00e9sident Cercle n\u00b0 6) \u2013 Pascale RACINE<\/p>\n\n\n\n<p><em>\u00c9lection du Pr\u00e9sident ou de la Pr\u00e9sidente<\/em><\/p>\n\n\n\n<p>Apr\u00e8s le vote des Membres \u00e9lus de l&rsquo;Instance Dirigeante, Jean-Louis Bai a \u00e9t\u00e9 reconduit pour un nouveau mandat de Pr\u00e9sident du CDMJSEA du Val d&rsquo;Oise<\/p>\n\n\n\n<p><em><u>Fixation des cotisations pour l\u2019ann\u00e9e 2023<\/u><\/em><\/p>\n\n\n\n<p class=\"has-text-align-left\">Lors de l\u2019assembl\u00e9e g\u00e9n\u00e9rale de 2020 \u00e0 OSNY, le Pr\u00e9sident avait indiqu\u00e9 que les cotisations n\u2019avaient pas \u00e9t\u00e9 augment\u00e9es depuis 2 ans. Il avait \u00e9t\u00e9 vot\u00e9 \u00e0 <strong>32\u20ac l\u2019adh\u00e9sion individuelle et associ\u00e9s<\/strong> et \u00e0 <strong>48\u20ac <\/strong>(soit 32\u20ac comme les individuels pour la 1\u00e8re personne + 50% pour le conjoint). Compte tenu de la pand\u00e9mie cette augmentation n\u2019a pas \u00e9t\u00e9 effective en 2021 et 2022 sur demande du Pr\u00e9sident par un vote lors<\/p>\n\n\n\n<p class=\"has-text-align-left\">d\u2019une r\u00e9union de l\u2019Instance Dirigeante. Il demande en cons\u00e9quence de mettre en application ces nouveaux tarifs en 2023.  Adopt\u00e9s \u00e0 l\u2019unanimit\u00e9.<\/p>\n\n\n\n<p><em><u>Remise de r\u00e9compenses par le Pr\u00e9sident et Pascal HORBER de la Commission Reconnaissance&nbsp;:<\/u><\/em><\/p>\n\n\n\n<ul class=\"wp-block-list\">\n<li>Etant donn\u00e9 que les remises de m\u00e9dailles minist\u00e9rielles n\u2019ont pu avoir lieu les 4 et 11 f\u00e9vrier 2022, le Pr\u00e9sident a propos\u00e9 de remettre les m\u00e9dailles d\u2019or aux r\u00e9cipiendaires pr\u00e9sents&nbsp;:<\/li>\n<\/ul>\n\n\n\n<p>Patrice BOULAY, \u00c9ric LERAY et Jean-Pierre TRON.<\/p>\n\n\n\n<ul class=\"wp-block-list\">\n<li>Plateau du b\u00e9n\u00e9vole&nbsp;: Pierre SENACQ, Patrick RACINE, Clothilde MILLET et Jean-Michel ESSARD.<\/li>\n\n\n\n<li>Yn\u00e8s EL JANATI \u00e9tait aux Etats-Unis, MM. St\u00e9phane LOUBAT et Thierry LEONARD participaient \u00e0 un trail r\u00e9gional. Mich\u00e8le COINTE et Mich\u00e8le BLANCHET retenues.<\/li>\n\n\n\n<li>Une flamme a \u00e9t\u00e9 remise \u00e0 Pascal JOBART qui quitte ses activit\u00e9s au Comit\u00e9, apr\u00e8s 20 ans de bons et loyaux services.<\/li>\n\n\n\n<li>Plaquettes f\u00e9d\u00e9rales&nbsp;:<\/li>\n<\/ul>\n\n\n\n<p>Or &#8211; &nbsp;BOULAY Patrice<\/p>\n\n\n\n<p>Argent &nbsp;&#8211; Pascal HORBER et Michel WIECZOREK<\/p>\n\n\n\n<p>Bronze &#8211; \u00c9ric BAYE<\/p>\n\n\n\n<p>Madame Fran\u00e7oise NORDMANN, Maire de Beauchamp, apprenant que Fran\u00e7oise VASSEUR quitte sa fonction de secr\u00e9taire, a voulu l\u2019honorer en lui offrant la M\u00e9daille de la Ville.<\/p>\n\n\n\n<p><em><u>Passation de la Flamme entre les villes de BEAUCHAMP et ERMONT<\/u><\/em>&nbsp;&nbsp;&nbsp;<\/p>\n\n\n\n<p>Mme Fran\u00e7oise NORDMANN Maire de Beauchamp remet la flamme \u00e0 Monsieur Beno\u00eet BLANCHARD, Maire adjoint \u00e0 ERMONT.<\/p>\n\n\n\n<p>La flamme sera \u00e0 Ermont pour une ann\u00e9e, jusqu\u2019\u00e0 la prochaine assembl\u00e9e g\u00e9n\u00e9rale en 2023.<\/p>\n\n\n\n<p>Une petite flamme est remise \u00e0 Mme Fran\u00e7oise NORDMANN.<\/p>\n\n\n\n<p><em><u>Discours de M. BLANCHARD<\/u><\/em><\/p>\n\n\n\n<p>En prenant la flamme, il indique qu\u2019il va \u00eatre difficile de faire mieux que Beauchamp mais il s\u2019engage \u00e0 ce que ce soit aussi r\u00e9ussi \u00e0 Ermont.<\/p>\n\n\n\n<p>Remerciements<\/p>\n\n\n\n<ul class=\"wp-block-list\">\n<li>Aux personnalit\u00e9s pr\u00e9sentes<\/li>\n\n\n\n<li>A tous les participants<\/li>\n\n\n\n<li>Aux Membres de l\u2019Instance Dirigeante<\/li>\n\n\n\n<li>Aux Membres des Cercles pr\u00e9sents<\/li>\n<\/ul>\n\n\n\n<p>Beaucoup de photos ont \u00e9t\u00e9 prises par notre photographe Max Journo. <br><strong><a href=\"https:\/\/photos.app.goo.gl\/SmqQP9XmSk54vnbH6\" target=\"_blank\" rel=\"noreferrer noopener\">Photos de l&rsquo;AG ICI<\/a><\/strong><\/p>\n","protected":false},"excerpt":{"rendered":"<p>C&rsquo;est dans la salle Anatole France qu&rsquo;a eu lieu notre Assembl\u00e9e G\u00e9n\u00e9rale Ordinaire \u00c9lective. 86 personnes pr\u00e9sentes et repr\u00e9sent\u00e9es. Personnalit\u00e9s pr\u00e9sentes&nbsp;: Madame Fran\u00e7oise NORDMANN, Maire de BEAUCHAMP, Monsieur Patrick PLANCHE, 1er Adjoint au Maire de BEAUCHAMP, d\u00e9l\u00e9gu\u00e9 \u00e0 la scolarit\u00e9, \u00e0 la culture et \u00e0 la d\u00e9mocratie locale, Madame V\u00e9ronique KERGUIDUF, Maire adjoint \u00e0 la [&hellip;]<\/p>\n","protected":false},"author":1,"featured_media":809,"comment_status":"closed","ping_status":"open","sticky":false,"template":"","format":"standard","meta":{"footnotes":""},"categories":[1],"tags":[],"class_list":["post-805","post","type-post","status-publish","format-standard","has-post-thumbnail","hentry","category-non-classe"],"_links":{"self":[{"href":"https:\/\/www.cdmjsea95.org\/index.php?rest_route=\/wp\/v2\/posts\/805","targetHints":{"allow":["GET"]}}],"collection":[{"href":"https:\/\/www.cdmjsea95.org\/index.php?rest_route=\/wp\/v2\/posts"}],"about":[{"href":"https:\/\/www.cdmjsea95.org\/index.php?rest_route=\/wp\/v2\/types\/post"}],"author":[{"embeddable":true,"href":"https:\/\/www.cdmjsea95.org\/index.php?rest_route=\/wp\/v2\/users\/1"}],"replies":[{"embeddable":true,"href":"https:\/\/www.cdmjsea95.org\/index.php?rest_route=%2Fwp%2Fv2%2Fcomments&post=805"}],"version-history":[{"count":6,"href":"https:\/\/www.cdmjsea95.org\/index.php?rest_route=\/wp\/v2\/posts\/805\/revisions"}],"predecessor-version":[{"id":1022,"href":"https:\/\/www.cdmjsea95.org\/index.php?rest_route=\/wp\/v2\/posts\/805\/revisions\/1022"}],"wp:featuredmedia":[{"embeddable":true,"href":"https:\/\/www.cdmjsea95.org\/index.php?rest_route=\/wp\/v2\/media\/809"}],"wp:attachment":[{"href":"https:\/\/www.cdmjsea95.org\/index.php?rest_route=%2Fwp%2Fv2%2Fmedia&parent=805"}],"wp:term":[{"taxonomy":"category","embeddable":true,"href":"https:\/\/www.cdmjsea95.org\/index.php?rest_route=%2Fwp%2Fv2%2Fcategories&post=805"},{"taxonomy":"post_tag","embeddable":true,"href":"https:\/\/www.cdmjsea95.org\/index.php?rest_route=%2Fwp%2Fv2%2Ftags&post=805"}],"curies":[{"name":"wp","href":"https:\/\/api.w.org\/{rel}","templated":true}]}}